[{"@context":"https:\/\/schema.org\/","@type":"Blog","@id":"https:\/\/www.falvo.cz#Blog","headline":"Falvo","description":"\nP\u0159ipom\u00edn\u00e1 v\u00e1m v\u00e1\u0161 \u017eivot dlouh\u00fd \u010dern\u00fd tunel, kter\u00fd nem\u00e1 \u017e\u00e1dn\u00e9 viditeln\u00e9 sv\u011bt\u00fdlko na sv\u00e9m konci? Pak zami\u0159te k\u00a0n\u00e1m. My jsme t\u00edm va\u0161\u00edm plam\u00ednkem nad\u011bje.","url":"https:\/\/www.falvo.cz","hasPart":[{"@type":"Article","@id":"https:\/\/www.falvo.cz\/jak-vybrat-spravny-mobilni-telefon\/","headline":"Jak vybrat spr\u00e1vn\u00fd mobiln\u00ed telefon","url":"https:\/\/www.falvo.cz\/jak-vybrat-spravny-mobilni-telefon\/","datePublished":"2021-09-12","dateModified":"2023-05-16","mainEntityOfPage":"https:\/\/www.falvo.cz\/jak-vybrat-spravny-mobilni-telefon\/","author":{"@type":"Person","@id":"https:\/\/www.falvo.cz\/author\/#Person","name":"","url":"https:\/\/www.falvo.cz\/author\/","identifier":1,"image":{"@type":"ImageObject","@id":"https:\/\/secure.gravatar.com\/avatar\/4e6a74466e4227c12d5306875d08720cdfce3572213740db6f4a2e5e46e710ff?s=96&d=mm&r=g","url":"https:\/\/secure.gravatar.com\/avatar\/4e6a74466e4227c12d5306875d08720cdfce3572213740db6f4a2e5e46e710ff?s=96&d=mm&r=g","height":96,"width":96}},"publisher":{"@type":"Organization","name":"falvo.cz","logo":{"@type":"ImageObject","@id":"\/logo.png","url":"\/logo.png","width":600,"height":60}},"image":{"@type":"ImageObject","@id":"https:\/\/www.falvo.cz\/wp-content\/uploads\/mobil1_10_8.jpg","url":"https:\/\/www.falvo.cz\/wp-content\/uploads\/mobil1_10_8.jpg","height":0,"width":0},"wordCount":629,"keywords":null},{"@type":"Article","@id":"https:\/\/www.falvo.cz\/mobilni-telefony-a-karty-vyhod\/","headline":"Mobiln\u00ed telefony a karty v\u00fdhod","url":"https:\/\/www.falvo.cz\/mobilni-telefony-a-karty-vyhod\/","datePublished":"2021-09-11","dateModified":"2023-05-16","mainEntityOfPage":"https:\/\/www.falvo.cz\/mobilni-telefony-a-karty-vyhod\/","author":{"@type":"Person","@id":"https:\/\/www.falvo.cz\/author\/#Person","name":"","url":"https:\/\/www.falvo.cz\/author\/","identifier":1,"image":{"@type":"ImageObject","@id":"https:\/\/secure.gravatar.com\/avatar\/4e6a74466e4227c12d5306875d08720cdfce3572213740db6f4a2e5e46e710ff?s=96&d=mm&r=g","url":"https:\/\/secure.gravatar.com\/avatar\/4e6a74466e4227c12d5306875d08720cdfce3572213740db6f4a2e5e46e710ff?s=96&d=mm&r=g","height":96,"width":96}},"publisher":{"@type":"Organization","name":"falvo.cz","logo":{"@type":"ImageObject","@id":"\/logo.png","url":"\/logo.png","width":600,"height":60}},"image":{"@type":"ImageObject","@id":"https:\/\/www.falvo.cz\/wp-content\/uploads\/pexels-sora-shimazaki-5926462.jpg","url":"https:\/\/www.falvo.cz\/wp-content\/uploads\/pexels-sora-shimazaki-5926462.jpg","height":0,"width":0},"wordCount":619,"keywords":null},{"@type":"Article","@id":"https:\/\/www.falvo.cz\/sperky\/","headline":"\u0160perky","url":"https:\/\/www.falvo.cz\/sperky\/","datePublished":"2021-09-09","dateModified":"2023-05-16","mainEntityOfPage":"https:\/\/www.falvo.cz\/sperky\/","author":{"@type":"Person","@id":"https:\/\/www.falvo.cz\/author\/#Person","name":"","url":"https:\/\/www.falvo.cz\/author\/","identifier":1,"image":{"@type":"ImageObject","@id":"https:\/\/secure.gravatar.com\/avatar\/4e6a74466e4227c12d5306875d08720cdfce3572213740db6f4a2e5e46e710ff?s=96&d=mm&r=g","url":"https:\/\/secure.gravatar.com\/avatar\/4e6a74466e4227c12d5306875d08720cdfce3572213740db6f4a2e5e46e710ff?s=96&d=mm&r=g","height":96,"width":96}},"publisher":{"@type":"Organization","name":"falvo.cz","logo":{"@type":"ImageObject","@id":"\/logo.png","url":"\/logo.png","width":600,"height":60}},"image":{"@type":"ImageObject","@id":"https:\/\/www.falvo.cz\/wp-content\/uploads\/titanov%C3%BD%20prsten.jpg","url":"https:\/\/www.falvo.cz\/wp-content\/uploads\/titanov%C3%BD%20prsten.jpg","height":0,"width":0},"wordCount":488,"keywords":null},{"@type":"Article","@id":"https:\/\/www.falvo.cz\/je-zahradni-pergola-skutecne-tak-ucinna-ve-vytvareni-stinu\/","headline":"Je zahradn\u00ed pergola skute\u010dn\u011b tak \u00fa\u010dinn\u00e1 ve vytv\u00e1\u0159en\u00ed st\u00ednu?","url":"https:\/\/www.falvo.cz\/je-zahradni-pergola-skutecne-tak-ucinna-ve-vytvareni-stinu\/","datePublished":"2021-07-23","dateModified":"2023-12-20","mainEntityOfPage":"https:\/\/www.falvo.cz\/je-zahradni-pergola-skutecne-tak-ucinna-ve-vytvareni-stinu\/","author":{"@type":"Person","@id":"https:\/\/www.falvo.cz\/author\/#Person","name":"","url":"https:\/\/www.falvo.cz\/author\/","identifier":1,"image":{"@type":"ImageObject","@id":"https:\/\/secure.gravatar.com\/avatar\/4e6a74466e4227c12d5306875d08720cdfce3572213740db6f4a2e5e46e710ff?s=96&d=mm&r=g","url":"https:\/\/secure.gravatar.com\/avatar\/4e6a74466e4227c12d5306875d08720cdfce3572213740db6f4a2e5e46e710ff?s=96&d=mm&r=g","height":96,"width":96}},"publisher":{"@type":"Organization","name":"falvo.cz","logo":{"@type":"ImageObject","@id":"\/logo.png","url":"\/logo.png","width":600,"height":60}},"image":{"@type":"ImageObject","@id":"https:\/\/www.falvo.cz\/wp-content\/uploads\/altan1_9.jpg","url":"https:\/\/www.falvo.cz\/wp-content\/uploads\/altan1_9.jpg","height":0,"width":0},"wordCount":610,"keywords":null},{"@type":"Article","@id":"https:\/\/www.falvo.cz\/na-osvetleni-zalezi-jak-jej-vybirat-a-na-co-je-potreba-klast-nejvetsi-duraz\/","headline":"Na osv\u011btlen\u00ed z\u00e1le\u017e\u00ed &#8211; Jak jej vyb\u00edrat a na co je pot\u0159eba kl\u00e1st nejv\u011bt\u0161\u00ed d\u016fraz?","url":"https:\/\/www.falvo.cz\/na-osvetleni-zalezi-jak-jej-vybirat-a-na-co-je-potreba-klast-nejvetsi-duraz\/","datePublished":"2021-07-02","dateModified":"2023-12-01","mainEntityOfPage":"https:\/\/www.falvo.cz\/na-osvetleni-zalezi-jak-jej-vybirat-a-na-co-je-potreba-klast-nejvetsi-duraz\/","author":{"@type":"Person","@id":"https:\/\/www.falvo.cz\/author\/#Person","name":"","url":"https:\/\/www.falvo.cz\/author\/","identifier":1,"image":{"@type":"ImageObject","@id":"https:\/\/secure.gravatar.com\/avatar\/4e6a74466e4227c12d5306875d08720cdfce3572213740db6f4a2e5e46e710ff?s=96&d=mm&r=g","url":"https:\/\/secure.gravatar.com\/avatar\/4e6a74466e4227c12d5306875d08720cdfce3572213740db6f4a2e5e46e710ff?s=96&d=mm&r=g","height":96,"width":96}},"publisher":{"@type":"Organization","name":"falvo.cz","logo":{"@type":"ImageObject","@id":"\/logo.png","url":"\/logo.png","width":600,"height":60}},"image":{"@type":"ImageObject","@id":"https:\/\/www.falvo.cz\/wp-content\/uploads\/60655-1500x1500.jpg","url":"https:\/\/www.falvo.cz\/wp-content\/uploads\/60655-1500x1500.jpg","height":0,"width":0},"wordCount":706,"keywords":null},{"@type":"Article","@id":"https:\/\/www.falvo.cz\/dezinsekce-blechy\/","headline":"Dezinsekce blechy","url":"https:\/\/www.falvo.cz\/dezinsekce-blechy\/","datePublished":"2021-05-15","dateModified":"2023-12-01","mainEntityOfPage":"https:\/\/www.falvo.cz\/dezinsekce-blechy\/","author":{"@type":"Person","@id":"https:\/\/www.falvo.cz\/author\/#Person","name":"","url":"https:\/\/www.falvo.cz\/author\/","identifier":1,"image":{"@type":"ImageObject","@id":"https:\/\/secure.gravatar.com\/avatar\/4e6a74466e4227c12d5306875d08720cdfce3572213740db6f4a2e5e46e710ff?s=96&d=mm&r=g","url":"https:\/\/secure.gravatar.com\/avatar\/4e6a74466e4227c12d5306875d08720cdfce3572213740db6f4a2e5e46e710ff?s=96&d=mm&r=g","height":96,"width":96}},"publisher":{"@type":"Organization","name":"falvo.cz","logo":{"@type":"ImageObject","@id":"\/logo.png","url":"\/logo.png","width":600,"height":60}},"image":{"@type":"ImageObject","@id":"https:\/\/www.falvo.cz\/wp-content\/uploads\/leskl%C3%A1%20blecha.PNG","url":"https:\/\/www.falvo.cz\/wp-content\/uploads\/leskl%C3%A1%20blecha.PNG","height":0,"width":0},"wordCount":1122,"keywords":null},{"@type":"Article","@id":"https:\/\/www.falvo.cz\/u-solarni-zahradni-sprchy-rozhoduje-velikost-zasobniku\/","headline":"U sol\u00e1rn\u00ed zahradn\u00ed sprchy rozhoduje velikost z\u00e1sobn\u00edku","url":"https:\/\/www.falvo.cz\/u-solarni-zahradni-sprchy-rozhoduje-velikost-zasobniku\/","datePublished":"2021-04-12","dateModified":"2023-05-16","mainEntityOfPage":"https:\/\/www.falvo.cz\/u-solarni-zahradni-sprchy-rozhoduje-velikost-zasobniku\/","author":{"@type":"Person","@id":"https:\/\/www.falvo.cz\/author\/#Person","name":"","url":"https:\/\/www.falvo.cz\/author\/","identifier":1,"image":{"@type":"ImageObject","@id":"https:\/\/secure.gravatar.com\/avatar\/4e6a74466e4227c12d5306875d08720cdfce3572213740db6f4a2e5e46e710ff?s=96&d=mm&r=g","url":"https:\/\/secure.gravatar.com\/avatar\/4e6a74466e4227c12d5306875d08720cdfce3572213740db6f4a2e5e46e710ff?s=96&d=mm&r=g","height":96,"width":96}},"publisher":{"@type":"Organization","name":"falvo.cz","logo":{"@type":"ImageObject","@id":"\/logo.png","url":"\/logo.png","width":600,"height":60}},"image":{"@type":"ImageObject","@id":"https:\/\/www.falvo.cz\/wp-content\/uploads\/%C5%BEena%20v%20baz%C3%A9nu_10_1.jpg","url":"https:\/\/www.falvo.cz\/wp-content\/uploads\/%C5%BEena%20v%20baz%C3%A9nu_10_1.jpg","height":0,"width":0},"wordCount":547,"keywords":null},{"@type":"Article","@id":"https:\/\/www.falvo.cz\/minimalni-mzda-proc-je-zakonem-dana-a-co-nam-slibuje\/","headline":"Minim\u00e1ln\u00ed mzda, pro\u010d je z\u00e1konem dan\u00e1 a co n\u00e1m slibuje?","url":"https:\/\/www.falvo.cz\/minimalni-mzda-proc-je-zakonem-dana-a-co-nam-slibuje\/","datePublished":"2021-03-22","dateModified":"2023-05-16","mainEntityOfPage":"https:\/\/www.falvo.cz\/minimalni-mzda-proc-je-zakonem-dana-a-co-nam-slibuje\/","author":{"@type":"Person","@id":"https:\/\/www.falvo.cz\/author\/#Person","name":"","url":"https:\/\/www.falvo.cz\/author\/","identifier":1,"image":{"@type":"ImageObject","@id":"https:\/\/secure.gravatar.com\/avatar\/4e6a74466e4227c12d5306875d08720cdfce3572213740db6f4a2e5e46e710ff?s=96&d=mm&r=g","url":"https:\/\/secure.gravatar.com\/avatar\/4e6a74466e4227c12d5306875d08720cdfce3572213740db6f4a2e5e46e710ff?s=96&d=mm&r=g","height":96,"width":96}},"publisher":{"@type":"Organization","name":"falvo.cz","logo":{"@type":"ImageObject","@id":"\/logo.png","url":"\/logo.png","width":600,"height":60}},"image":{"@type":"ImageObject","@id":"https:\/\/www.falvo.cz\/wp-content\/uploads\/numbers-money-calculating-calculation_1.jpg","url":"https:\/\/www.falvo.cz\/wp-content\/uploads\/numbers-money-calculating-calculation_1.jpg","height":0,"width":0},"wordCount":626,"keywords":null},{"@type":"Article","@id":"https:\/\/www.falvo.cz\/vlastni-potisk-tricek-praha\/","headline":"Vlastn\u00ed potisk tri\u010dek Praha","url":"https:\/\/www.falvo.cz\/vlastni-potisk-tricek-praha\/","datePublished":"2021-03-19","dateModified":"2023-09-02","mainEntityOfPage":"https:\/\/www.falvo.cz\/vlastni-potisk-tricek-praha\/","author":{"@type":"Person","@id":"https:\/\/www.falvo.cz\/author\/#Person","name":"","url":"https:\/\/www.falvo.cz\/author\/","identifier":1,"image":{"@type":"ImageObject","@id":"https:\/\/secure.gravatar.com\/avatar\/4e6a74466e4227c12d5306875d08720cdfce3572213740db6f4a2e5e46e710ff?s=96&d=mm&r=g","url":"https:\/\/secure.gravatar.com\/avatar\/4e6a74466e4227c12d5306875d08720cdfce3572213740db6f4a2e5e46e710ff?s=96&d=mm&r=g","height":96,"width":96}},"publisher":{"@type":"Organization","name":"falvo.cz","logo":{"@type":"ImageObject","@id":"\/logo.png","url":"\/logo.png","width":600,"height":60}},"image":{"@type":"ImageObject","@id":"https:\/\/www.falvo.cz\/wp-content\/uploads\/mu%C5%BE%20a%20triko.PNG","url":"https:\/\/www.falvo.cz\/wp-content\/uploads\/mu%C5%BE%20a%20triko.PNG","height":0,"width":0},"wordCount":1283,"keywords":null},{"@type":"Article","@id":"https:\/\/www.falvo.cz\/sedaci-vak-by-mel-byt-barevny\/","headline":"Sedac\u00ed vak by m\u011bl b\u00fdt barevn\u00fd","url":"https:\/\/www.falvo.cz\/sedaci-vak-by-mel-byt-barevny\/","datePublished":"2021-03-15","dateModified":"2023-05-16","mainEntityOfPage":"https:\/\/www.falvo.cz\/sedaci-vak-by-mel-byt-barevny\/","author":{"@type":"Person","@id":"https:\/\/www.falvo.cz\/author\/#Person","name":"","url":"https:\/\/www.falvo.cz\/author\/","identifier":1,"image":{"@type":"ImageObject","@id":"https:\/\/secure.gravatar.com\/avatar\/4e6a74466e4227c12d5306875d08720cdfce3572213740db6f4a2e5e46e710ff?s=96&d=mm&r=g","url":"https:\/\/secure.gravatar.com\/avatar\/4e6a74466e4227c12d5306875d08720cdfce3572213740db6f4a2e5e46e710ff?s=96&d=mm&r=g","height":96,"width":96}},"publisher":{"@type":"Organization","name":"falvo.cz","logo":{"@type":"ImageObject","@id":"\/logo.png","url":"\/logo.png","width":600,"height":60}},"image":{"@type":"ImageObject","@id":"https:\/\/www.falvo.cz\/wp-content\/uploads\/modr%C3%BD%20vak.png","url":"https:\/\/www.falvo.cz\/wp-content\/uploads\/modr%C3%BD%20vak.png","height":0,"width":0},"wordCount":629,"keywords":null}]},{"@context":"https:\/\/schema.org","@type":"WebSite","@id":"https:\/\/www.falvo.cz\/#website","name":"Falvo","url":"https:\/\/www.falvo.cz","potentialAction":{"@type":"SearchAction","target":"https:\/\/www.falvo.cz\/?s={search_term_string}","query-input":"required name=search_term_string"}}]