[{"@context":"https:\/\/schema.org\/","@type":"Article","@id":"https:\/\/www.falvo.cz\/z-rukou-primo-do-skrini\/#Article","mainEntityOfPage":"https:\/\/www.falvo.cz\/z-rukou-primo-do-skrini\/","headline":"Z rukou p\u0159\u00edmo do sk\u0159\u00edn\u00ed","name":"Z rukou p\u0159\u00edmo do sk\u0159\u00edn\u00ed","description":"St\u00e1le nem\u016f\u017eete naj\u00edt pro spoustu v\u011bc\u00ed jejich st\u00e1l\u00e9 m\u00edsto? Zkuste se kone\u010dn\u011b rozhodnout pro n\u011bkter\u00e9 vhodn\u00e9 ukl\u00e1dac\u00ed syst\u00e9my modern\u00edho bytov\u00e9ho pojet\u00ed, kter\u00e9 mohou b\u00fdt i v p\u0159eds\u00edni. Tak moc jsou estetick\u00e9! A co \u0159\u00edk\u00e1te reg\u00e1l\u016fm plastu? Nebo byste rad\u011bji kovov\u00e9? Sd\u011blte n\u00e1m co nejd\u0159\u00edve v\u0161echny va\u0161e po\u017eadavky, pot\u0159eby, p\u0159\u00e1n\u00ed. My v\u00e1m na opl\u00e1tku sd\u011bl\u00edme, zda [&hellip;]","datePublished":"2025-09-03","dateModified":"2025-09-03","author":{"@type":"Person","@id":"https:\/\/www.falvo.cz\/author\/#Person","name":"","url":"https:\/\/www.falvo.cz\/author\/","identifier":1,"image":{"@type":"ImageObject","@id":"https:\/\/secure.gravatar.com\/avatar\/4e6a74466e4227c12d5306875d08720cdfce3572213740db6f4a2e5e46e710ff?s=96&d=mm&r=g","url":"https:\/\/secure.gravatar.com\/avatar\/4e6a74466e4227c12d5306875d08720cdfce3572213740db6f4a2e5e46e710ff?s=96&d=mm&r=g","height":96,"width":96}},"publisher":{"@type":"Organization","name":"falvo.cz","logo":{"@type":"ImageObject","@id":"\/logo.png","url":"\/logo.png","width":600,"height":60}},"url":"https:\/\/www.falvo.cz\/z-rukou-primo-do-skrini\/","wordCount":183,"articleBody":"St\u00e1le nem\u016f\u017eete naj\u00edt pro spoustu v\u011bc\u00ed jejich st\u00e1l\u00e9 m\u00edsto? Zkuste se kone\u010dn\u011b rozhodnout pro n\u011bkter\u00e9 vhodn\u00e9 ukl\u00e1dac\u00ed syst\u00e9my modern\u00edho bytov\u00e9ho pojet\u00ed, kter\u00e9 mohou b\u00fdt i v p\u0159eds\u00edni. Tak moc jsou estetick\u00e9! A co \u0159\u00edk\u00e1te reg\u00e1l\u016fm plastu? Nebo byste rad\u011bji kovov\u00e9? Sd\u011blte n\u00e1m co nejd\u0159\u00edve v\u0161echny va\u0161e po\u017eadavky, pot\u0159eby, p\u0159\u00e1n\u00ed. My v\u00e1m na opl\u00e1tku sd\u011bl\u00edme, zda je v\u00fdroba re\u00e1ln\u00e1, a n\u00e1sledn\u011b i cenovou nab\u00eddku. Sklad a podobn\u00e9 prostory Pot\u0159ebujete nainstalovat do va\u0161ich sklad\u016f po\u017eadovan\u00e9 st\u011bny a syst\u00e9my k ukl\u00e1d\u00e1n\u00ed zbo\u017e\u00ed a sou\u010d\u00e1stek? Tak to jste na spr\u00e1vn\u00e9 adrese. I tohle um\u00edme a samoz\u0159ejm\u011b v\u010detn\u011b ceny v\u00e1m v\u0161e bez prodlen\u00ed sd\u011bl\u00edme. Policov\u00e9 reg\u00e1ly a cel\u00fd sortimentsi m\u016f\u017eete nav\u00edc prohl\u00e9dnout na str\u00e1nk\u00e1ch ve fotogalerii. Prohl\u00e9dn\u011bte si na\u0161i nab\u00eddku a dejte n\u00e1m v\u011bd\u011bt.                                                                                                                                                                                                                                                                                                                                                                                                "},{"@context":"https:\/\/schema.org\/","@type":"BreadcrumbList","itemListElement":[{"@type":"ListItem","position":1,"name":"Z rukou p\u0159\u00edmo do sk\u0159\u00edn\u00ed","item":"https:\/\/www.falvo.cz\/z-rukou-primo-do-skrini\/#breadcrumbitem"}]}]